{"id":851,"date":"2015-11-23T15:37:57","date_gmt":"2015-11-23T14:37:57","guid":{"rendered":"http:\/\/fo-chu-nantes.fr\/?p=851"},"modified":"2015-11-27T16:07:40","modified_gmt":"2015-11-27T15:07:40","slug":"democratie-lexemplarite-du-syndicalisme-authentique-fo","status":"publish","type":"post","link":"https:\/\/fo-chu-nantes.fr\/?p=851","title":{"rendered":"D\u00e9mocratie ! l\u2019exemplarit\u00e9 du syndicalisme authentique FO"},"content":{"rendered":"<h2><strong>D\u00e9mocratie ! l\u2019exemplarit\u00e9 du syndicalisme authentique FO<\/strong><\/h2>\n<p><span style=\"color: #800080;\">La d\u00e9mocratie voudrait que ce soit le gouvernement du peuple, par le peuple et pour le peuple.<\/span><\/p>\n<p>Il y a ceux qui parlent de d\u00e9mocratie et il y a ceux qui la font vivre par l\u2019exemple.<\/p>\n<h3><strong>Ceux qui en parlent :<\/strong><\/h3>\n<p>Le 29 mai 2005 le r\u00e9f\u00e9rendum fran\u00e7ais sur le trait\u00e9 \u00e9tablissant une constitution pour l\u2019Europe a \u00e9t\u00e9 rejet\u00e9 par 54,68% du peuple mais a \u00e9t\u00e9 adopt\u00e9 par la voie parlementaire en f\u00e9vrier 2008. En janvier 2015, le Pr\u00e9sident Juncker de la commission europ\u00e9enne, a rappel\u00e9 au sujet de la Gr\u00e8ce : <em>\u00ab Il ne peut y avoir de choix d\u00e9mocratique contre les trait\u00e9s europ\u00e9ens. \u00bb<\/em><\/p>\n<p>L\u2019Europe (et les pays qui la composent) n\u2019est donc pas une d\u00e9mocratie. \u00ab Ils \u00bb en parlent c\u2019est tout !<\/p>\n<p>La suite <a href=\"http:\/\/fo-sante.org\/2015\/11\/democratie-lexemplarite-du-syndicalisme-authentique-fo\/\" target=\"_blank\">ICI<\/a><\/p>\n","protected":false},"excerpt":{"rendered":"<p>D\u00e9mocratie ! l\u2019exemplarit\u00e9 du syndicalisme authentique FO La d\u00e9mocratie voudrait que ce soit le gouvernement du peuple, par le peuple et pour le peuple. Il y a ceux qui parlent de d\u00e9mocratie et il y a ceux qui la font vivre par l\u2019exemple. Ceux qui en parlent : Le 29 mai 2005 le r\u00e9f\u00e9rendum fran\u00e7ais [&hellip;]<\/p>\n","protected":false},"author":1,"featured_media":0,"comment_status":"closed","ping_status":"closed","sticky":false,"template":"","format":"standard","meta":{"footnotes":""},"categories":[15,16],"tags":[140,214],"_links":{"self":[{"href":"https:\/\/fo-chu-nantes.fr\/index.php?rest_route=\/wp\/v2\/posts\/851"}],"collection":[{"href":"https:\/\/fo-chu-nantes.fr\/index.php?rest_route=\/wp\/v2\/posts"}],"about":[{"href":"https:\/\/fo-chu-nantes.fr\/index.php?rest_route=\/wp\/v2\/types\/post"}],"author":[{"embeddable":true,"href":"https:\/\/fo-chu-nantes.fr\/index.php?rest_route=\/wp\/v2\/users\/1"}],"replies":[{"embeddable":true,"href":"https:\/\/fo-chu-nantes.fr\/index.php?rest_route=%2Fwp%2Fv2%2Fcomments&post=851"}],"version-history":[{"count":1,"href":"https:\/\/fo-chu-nantes.fr\/index.php?rest_route=\/wp\/v2\/posts\/851\/revisions"}],"predecessor-version":[{"id":852,"href":"https:\/\/fo-chu-nantes.fr\/index.php?rest_route=\/wp\/v2\/posts\/851\/revisions\/852"}],"wp:attachment":[{"href":"https:\/\/fo-chu-nantes.fr\/index.php?rest_route=%2Fwp%2Fv2%2Fmedia&parent=851"}],"wp:term":[{"taxonomy":"category","embeddable":true,"href":"https:\/\/fo-chu-nantes.fr\/index.php?rest_route=%2Fwp%2Fv2%2Fcategories&post=851"},{"taxonomy":"post_tag","embeddable":true,"href":"https:\/\/fo-chu-nantes.fr\/index.php?rest_route=%2Fwp%2Fv2%2Ftags&post=851"}],"curies":[{"name":"wp","href":"https:\/\/api.w.org\/{rel}","templated":true}]}}