{"id":764,"date":"2015-09-24T10:25:13","date_gmt":"2015-09-24T09:25:13","guid":{"rendered":"http:\/\/fo-chu-nantes.fr\/?p=764"},"modified":"2015-09-28T10:34:54","modified_gmt":"2015-09-28T09:34:54","slug":"greve-1er-octobre-2015-laction-sociale-egalement-mobilisee","status":"publish","type":"post","link":"https:\/\/fo-chu-nantes.fr\/?p=764","title":{"rendered":"Gr\u00e8ve 1er Octobre 2015. L\u2019action sociale \u00e9galement mobilis\u00e9e !"},"content":{"rendered":"<p>Nous tenons \u00e0 vous informer que la F\u00e9d\u00e9ration Nationale FO de l\u2019Action sociale se joint \u00e0 cet appel.<\/p>\n<p>Nous vous joignons en annexe :<br \/>\n\u00b7 Le tract intersyndical.<br \/>\n\u00b7 Le pr\u00e9avis de gr\u00e8ve adress\u00e9 \u00e0 la Ministre<br \/>\n\u00b7 Un appel national du SNMH \u2013FO (syndicat national des m\u00e9decins hospitaliers).<\/p>\n<p><iframe src=\"\/\/docs.google.com\/viewer?url=http%3A%2F%2Ffo-chu-nantes.fr%2Fwp-content%2Fuploads%2F150924_1eroctobre.pdf&#038;hl=fr&#038;embedded=true\" class=\"gde-frame\" style=\"width:600px; height:300px; border: none;\" scrolling=\"no\"><\/iframe><\/p>\n<p class=\"gde-text\"><a href=\"http:\/\/fo-chu-nantes.fr\/wp-content\/uploads\/150924_1eroctobre.pdf\" class=\"gde-link\">T\u00e9l\u00e9charger (150924_1eroctobre.pdf)<\/a><\/p>\n<p><\/p>\n<div class=\"gde-error\">GDE Erreur: Erreur lors de la r\u00e9cup\u00e9ration du fichier &#8211; si n\u00e9cessaire, arr\u00eatez la v\u00e9rification d&#8217;erreurs (404:Not Found)<\/div>\n<p><\/p>\n<div class=\"gde-error\">GDE Erreur: Erreur lors de la r\u00e9cup\u00e9ration du fichier &#8211; si n\u00e9cessaire, arr\u00eatez la v\u00e9rification d&#8217;erreurs (404:Not Found)<\/div><\/p>\n","protected":false},"excerpt":{"rendered":"<p>Nous tenons \u00e0 vous informer que la F\u00e9d\u00e9ration Nationale FO de l\u2019Action sociale se joint \u00e0 cet appel. Nous vous joignons en annexe : \u00b7 Le tract intersyndical. \u00b7 Le pr\u00e9avis de gr\u00e8ve adress\u00e9 \u00e0 la Ministre \u00b7 Un appel national du SNMH \u2013FO (syndicat national des m\u00e9decins hospitaliers).<\/p>\n","protected":false},"author":1,"featured_media":0,"comment_status":"closed","ping_status":"closed","sticky":false,"template":"","format":"standard","meta":{"footnotes":""},"categories":[15,17,16],"tags":[155,22,8],"_links":{"self":[{"href":"https:\/\/fo-chu-nantes.fr\/index.php?rest_route=\/wp\/v2\/posts\/764"}],"collection":[{"href":"https:\/\/fo-chu-nantes.fr\/index.php?rest_route=\/wp\/v2\/posts"}],"about":[{"href":"https:\/\/fo-chu-nantes.fr\/index.php?rest_route=\/wp\/v2\/types\/post"}],"author":[{"embeddable":true,"href":"https:\/\/fo-chu-nantes.fr\/index.php?rest_route=\/wp\/v2\/users\/1"}],"replies":[{"embeddable":true,"href":"https:\/\/fo-chu-nantes.fr\/index.php?rest_route=%2Fwp%2Fv2%2Fcomments&post=764"}],"version-history":[{"count":4,"href":"https:\/\/fo-chu-nantes.fr\/index.php?rest_route=\/wp\/v2\/posts\/764\/revisions"}],"predecessor-version":[{"id":769,"href":"https:\/\/fo-chu-nantes.fr\/index.php?rest_route=\/wp\/v2\/posts\/764\/revisions\/769"}],"wp:attachment":[{"href":"https:\/\/fo-chu-nantes.fr\/index.php?rest_route=%2Fwp%2Fv2%2Fmedia&parent=764"}],"wp:term":[{"taxonomy":"category","embeddable":true,"href":"https:\/\/fo-chu-nantes.fr\/index.php?rest_route=%2Fwp%2Fv2%2Fcategories&post=764"},{"taxonomy":"post_tag","embeddable":true,"href":"https:\/\/fo-chu-nantes.fr\/index.php?rest_route=%2Fwp%2Fv2%2Ftags&post=764"}],"curies":[{"name":"wp","href":"https:\/\/api.w.org\/{rel}","templated":true}]}}