{"id":672,"date":"2015-06-11T15:39:22","date_gmt":"2015-06-11T14:39:22","guid":{"rendered":"http:\/\/fo-chu-nantes.fr\/?p=672"},"modified":"2015-06-11T15:39:22","modified_gmt":"2015-06-11T14:39:22","slug":"ap-hp","status":"publish","type":"post","link":"https:\/\/fo-chu-nantes.fr\/?p=672","title":{"rendered":"AP-HP &#8230;"},"content":{"rendered":"<p><span style=\"text-decoration: underline;\"><strong>AP-HP et le reste de la France, m\u00eame combat sur la d\u00e9gradation des conditions de travail dans les h\u00f4pitaux:<\/strong><\/span><\/p>\n<p>D\u00e9claration de Damien infirmier FO de la Cit\u00e9 Sanitaire de St Nazaire au cours de l\u2019assembl\u00e9e g\u00e9n\u00e9rale ordinaire du syndicat FO:<\/p>\n<p><strong><span style=\"color: #800080;\">Moi, Infirmier Hospitalier<\/span><\/strong>, j\u2019ai un peu de mal en ce moment \u00e0 comprendre le fonctionnement de mon institution. Je pensais \u00eatre au service de la population, et non r\u00e9pondre \u00e0 l\u2019obsession permanente du respect d\u2019un \u00e9quilibre budg\u00e9taire.<\/p>\n<p><strong><span style=\"color: #800080;\">Moi, Infirmier Hospitalier<\/span><\/strong>, je pensais que depuis l\u2019obtention de mon dipl\u00f4me, je pourrai pendant de nombreuses ann\u00e9es soigner comme je l\u2019ai appris, r\u00e9pondre aux besoins fondamentaux de mes patients, respecter la charte du patient hospitalis\u00e9, exercer mon r\u00f4le propre.<\/p>\n<p><strong><span style=\"color: #800080;\">Moi, Infirmier Hospitalier<\/span><\/strong>, je ne pensais pas un jour \u00eatre t\u00e9moin de la lente installation de la maltraitance institutionnalis\u00e9e. Et lorsque les soignants tentent d\u2019expliquer la r\u00e9alit\u00e9 du terrain, la v\u00e9rit\u00e9 au pied du malade, leur parole n\u2019est plus entendue, et encore moins comprise.<\/p>\n<p><strong><span style=\"color: #800080;\">Moi, Infirmier Hospitalier<\/span><\/strong>, je pensais que ma direction avait des consid\u00e9rations humaines dans la gestion du personnel, et pas qu\u2019elle agissait le plus souvent en d\u00e9pit du bon sens, que le m\u00e9pris \u00e9tait un mode de management dans l\u2019h\u00f4pital public.<\/p>\n<p>La suite ici: <a href=\"http:\/\/fo-sante.org\/2013\/03\/moi-infirmier-hospitalier\/\" target=\"_blank\">Blog FO sant\u00e9<\/a><\/p>\n","protected":false},"excerpt":{"rendered":"<p>AP-HP et le reste de la France, m\u00eame combat sur la d\u00e9gradation des conditions de travail dans les h\u00f4pitaux: D\u00e9claration de Damien infirmier FO de la Cit\u00e9 Sanitaire de St Nazaire au cours de l\u2019assembl\u00e9e g\u00e9n\u00e9rale ordinaire du syndicat FO: Moi, Infirmier Hospitalier, j\u2019ai un peu de mal en ce moment \u00e0 comprendre le fonctionnement [&hellip;]<\/p>\n","protected":false},"author":1,"featured_media":0,"comment_status":"closed","ping_status":"closed","sticky":false,"template":"","format":"standard","meta":{"footnotes":""},"categories":[15,17],"tags":[127,45],"_links":{"self":[{"href":"https:\/\/fo-chu-nantes.fr\/index.php?rest_route=\/wp\/v2\/posts\/672"}],"collection":[{"href":"https:\/\/fo-chu-nantes.fr\/index.php?rest_route=\/wp\/v2\/posts"}],"about":[{"href":"https:\/\/fo-chu-nantes.fr\/index.php?rest_route=\/wp\/v2\/types\/post"}],"author":[{"embeddable":true,"href":"https:\/\/fo-chu-nantes.fr\/index.php?rest_route=\/wp\/v2\/users\/1"}],"replies":[{"embeddable":true,"href":"https:\/\/fo-chu-nantes.fr\/index.php?rest_route=%2Fwp%2Fv2%2Fcomments&post=672"}],"version-history":[{"count":6,"href":"https:\/\/fo-chu-nantes.fr\/index.php?rest_route=\/wp\/v2\/posts\/672\/revisions"}],"predecessor-version":[{"id":678,"href":"https:\/\/fo-chu-nantes.fr\/index.php?rest_route=\/wp\/v2\/posts\/672\/revisions\/678"}],"wp:attachment":[{"href":"https:\/\/fo-chu-nantes.fr\/index.php?rest_route=%2Fwp%2Fv2%2Fmedia&parent=672"}],"wp:term":[{"taxonomy":"category","embeddable":true,"href":"https:\/\/fo-chu-nantes.fr\/index.php?rest_route=%2Fwp%2Fv2%2Fcategories&post=672"},{"taxonomy":"post_tag","embeddable":true,"href":"https:\/\/fo-chu-nantes.fr\/index.php?rest_route=%2Fwp%2Fv2%2Ftags&post=672"}],"curies":[{"name":"wp","href":"https:\/\/api.w.org\/{rel}","templated":true}]}}