{"id":469,"date":"2014-09-20T16:07:16","date_gmt":"2014-09-20T15:07:16","guid":{"rendered":"http:\/\/fo-chu-nantes.fr\/?p=469"},"modified":"2014-10-02T09:16:47","modified_gmt":"2014-10-02T08:16:47","slug":"disparition-dandre-bergeron","status":"publish","type":"post","link":"https:\/\/fo-chu-nantes.fr\/?p=469","title":{"rendered":"Disparition d\u2019Andr\u00e9 Bergeron"},"content":{"rendered":"<div class=\"texte\">\n<div class=\"simplePullQuote right\">\n<p><img decoding=\"async\" class=\"decoded\" src=\"http:\/\/s2.lemde.fr\/image\/2014\/09\/20\/534x267\/4491326_3_8115_andre-bergeron-ancien-secretaire-general_66190e4ef8071d06d1f2ee0334eacefb.jpg\" alt=\"http:\/\/s2.lemde.fr\/image\/2014\/09\/20\/534x267\/4491326_3_8115_andre-bergeron-ancien-secretaire-general_66190e4ef8071d06d1f2ee0334eacefb.jpg\" \/><\/p>\n<\/div>\n<p style=\"text-align: justify;\">Andr\u00e9 Bergeron, Secr\u00e9taire G\u00e9n\u00e9ral de Force Ouvri\u00e8re de 1963 \u00e0 1989, est d\u00e9c\u00e9d\u00e9, \u00e0 Belfort o\u00f9 il r\u00e9sidait, \u00e0 l\u2019\u00e2ge de 92 ans.<\/p>\n<p style=\"text-align: justify;\">Les militants et militantes FO sont dans la peine.<\/p>\n<p style=\"text-align: justify;\">Andr\u00e9 Bergeron aura profond\u00e9ment marqu\u00e9 la vie sociale et \u00e9conomique pendant une p\u00e9riode o\u00f9 de nombreux progr\u00e8s et acquis sociaux ont \u00e9t\u00e9 obtenus par la n\u00e9gociation collective.<\/p>\n<p style=\"text-align: justify;\">Le Bureau Conf\u00e9d\u00e9ral de FO adresse \u00e0 son \u00e9pouse et \u00e0 ses proches ses plus sinc\u00e8res condol\u00e9ances.<\/p>\n<div class=\"simplePullQuote right\">\n<p><img loading=\"lazy\" decoding=\"async\" class=\"decoded\" src=\"http:\/\/www.larousse.fr\/encyclopedie\/data\/images\/1004537-Andr%C3%A9_Bergeron.jpg\" alt=\"http:\/\/www.force-ouvriere.fr\/local\/cache-vignettes\/L200xH136\/arton1030-c8f53.jpg\" width=\"244\" height=\"166\" \/><\/p>\n<\/div>\n<p>&nbsp;<\/p>\n<\/div>\n","protected":false},"excerpt":{"rendered":"<p>Andr\u00e9 Bergeron, Secr\u00e9taire G\u00e9n\u00e9ral de Force Ouvri\u00e8re de 1963 \u00e0 1989, est d\u00e9c\u00e9d\u00e9, \u00e0 Belfort o\u00f9 il r\u00e9sidait, \u00e0 l\u2019\u00e2ge de 92 ans. Les militants et militantes FO sont dans la peine. Andr\u00e9 Bergeron aura profond\u00e9ment marqu\u00e9 la vie sociale et \u00e9conomique pendant une p\u00e9riode o\u00f9 de nombreux progr\u00e8s et acquis sociaux ont \u00e9t\u00e9 obtenus [&hellip;]<\/p>\n","protected":false},"author":1,"featured_media":0,"comment_status":"closed","ping_status":"closed","sticky":false,"template":"","format":"standard","meta":{"footnotes":""},"categories":[15,16],"tags":[83,84],"_links":{"self":[{"href":"https:\/\/fo-chu-nantes.fr\/index.php?rest_route=\/wp\/v2\/posts\/469"}],"collection":[{"href":"https:\/\/fo-chu-nantes.fr\/index.php?rest_route=\/wp\/v2\/posts"}],"about":[{"href":"https:\/\/fo-chu-nantes.fr\/index.php?rest_route=\/wp\/v2\/types\/post"}],"author":[{"embeddable":true,"href":"https:\/\/fo-chu-nantes.fr\/index.php?rest_route=\/wp\/v2\/users\/1"}],"replies":[{"embeddable":true,"href":"https:\/\/fo-chu-nantes.fr\/index.php?rest_route=%2Fwp%2Fv2%2Fcomments&post=469"}],"version-history":[{"count":6,"href":"https:\/\/fo-chu-nantes.fr\/index.php?rest_route=\/wp\/v2\/posts\/469\/revisions"}],"predecessor-version":[{"id":476,"href":"https:\/\/fo-chu-nantes.fr\/index.php?rest_route=\/wp\/v2\/posts\/469\/revisions\/476"}],"wp:attachment":[{"href":"https:\/\/fo-chu-nantes.fr\/index.php?rest_route=%2Fwp%2Fv2%2Fmedia&parent=469"}],"wp:term":[{"taxonomy":"category","embeddable":true,"href":"https:\/\/fo-chu-nantes.fr\/index.php?rest_route=%2Fwp%2Fv2%2Fcategories&post=469"},{"taxonomy":"post_tag","embeddable":true,"href":"https:\/\/fo-chu-nantes.fr\/index.php?rest_route=%2Fwp%2Fv2%2Ftags&post=469"}],"curies":[{"name":"wp","href":"https:\/\/api.w.org\/{rel}","templated":true}]}}