{"id":361,"date":"2014-06-26T15:57:22","date_gmt":"2014-06-26T14:57:22","guid":{"rendered":"http:\/\/fo-chu-nantes.fr\/?p=361"},"modified":"2014-07-03T08:49:26","modified_gmt":"2014-07-03T07:49:26","slug":"le-soir-bfm-faut-il-depenser-moins-pour-notre-sante","status":"publish","type":"post","link":"https:\/\/fo-chu-nantes.fr\/?p=361","title":{"rendered":"Le Soir BFM: Faut-il d\u00e9penser moins pour notre sant\u00e9 ?"},"content":{"rendered":"<p><object id=\"flashObj\" width=\"480\" height=\"270\" classid=\"clsid:D27CDB6E-AE6D-11cf-96B8-444553540000\" codebase=\"http:\/\/download.macromedia.com\/pub\/shockwave\/cabs\/flash\/swflash.cab#version=9,0,47,0\"><param name=\"movie\" value=\"http:\/\/c.brightcove.com\/services\/viewer\/federated_f9?isVid=1&#038;isUI=1\" \/><param name=\"bgcolor\" value=\"#FFFFFF\" \/><param name=\"flashVars\" value=\"videoId=3644938761001&#038;linkBaseURL=http%3A%2F%2Fwww.bfmtv.com%2Fvideo%2Fbfmtv%2Fsoir-bfm%2Fsoir-bfm-faut-il-depenser-moins-sante-26-06-3-4-207735%2F&#038;playerID=1027556707001&#038;playerKey=AQ~~,AAAAzBCG-1E~,ZmNCmEZClj4eQ1WsLf_mGl_Pmb90_E4h&#038;domain=embed&#038;dynamicStreaming=true\" \/><param name=\"base\" value=\"http:\/\/admin.brightcove.com\" \/><param name=\"seamlesstabbing\" value=\"false\" \/><param name=\"allowFullScreen\" value=\"true\" \/><param name=\"swLiveConnect\" value=\"true\" \/><param name=\"allowScriptAccess\" value=\"always\" \/><embed src=\"http:\/\/c.brightcove.com\/services\/viewer\/federated_f9?isVid=1&#038;isUI=1\" bgcolor=\"#FFFFFF\" flashVars=\"videoId=3644938761001&#038;linkBaseURL=http%3A%2F%2Fwww.bfmtv.com%2Fvideo%2Fbfmtv%2Fsoir-bfm%2Fsoir-bfm-faut-il-depenser-moins-sante-26-06-3-4-207735%2F&#038;playerID=1027556707001&#038;playerKey=AQ~~,AAAAzBCG-1E~,ZmNCmEZClj4eQ1WsLf_mGl_Pmb90_E4h&#038;domain=embed&#038;dynamicStreaming=true\" base=\"http:\/\/admin.brightcove.com\" name=\"flashObj\" width=\"480\" height=\"270\" seamlesstabbing=\"false\" type=\"application\/x-shockwave-flash\" allowFullScreen=\"true\" allowScriptAccess=\"always\" swLiveConnect=\"true\" pluginspage=\"http:\/\/www.macromedia.com\/shockwave\/download\/index.cgi?P1_Prod_Version=ShockwaveFlash\"><\/embed><\/object><\/p>\n<p>Retour sur la ma\u00eetrise des d\u00e9penses de sant\u00e9, avec Didier Bernus, secr\u00e9taire g\u00e9n\u00e9ral de la F\u00e9d\u00e9ration Force Ouvri\u00e8re des personnels des services publics et des services de sant\u00e9, et Fr\u00e9d\u00e9ric Bizard, \u00e9conomiste de la sant\u00e9<\/p>\n","protected":false},"excerpt":{"rendered":"<p>Retour sur la ma\u00eetrise des d\u00e9penses de sant\u00e9, avec Didier Bernus, secr\u00e9taire g\u00e9n\u00e9ral de la F\u00e9d\u00e9ration Force Ouvri\u00e8re des personnels des services publics et des services de sant\u00e9, et Fr\u00e9d\u00e9ric Bizard, \u00e9conomiste de la sant\u00e9<\/p>\n","protected":false},"author":1,"featured_media":0,"comment_status":"closed","ping_status":"closed","sticky":false,"template":"","format":"standard","meta":{"footnotes":""},"categories":[15,17],"tags":[71,12,70,67],"_links":{"self":[{"href":"https:\/\/fo-chu-nantes.fr\/index.php?rest_route=\/wp\/v2\/posts\/361"}],"collection":[{"href":"https:\/\/fo-chu-nantes.fr\/index.php?rest_route=\/wp\/v2\/posts"}],"about":[{"href":"https:\/\/fo-chu-nantes.fr\/index.php?rest_route=\/wp\/v2\/types\/post"}],"author":[{"embeddable":true,"href":"https:\/\/fo-chu-nantes.fr\/index.php?rest_route=\/wp\/v2\/users\/1"}],"replies":[{"embeddable":true,"href":"https:\/\/fo-chu-nantes.fr\/index.php?rest_route=%2Fwp%2Fv2%2Fcomments&post=361"}],"version-history":[{"count":6,"href":"https:\/\/fo-chu-nantes.fr\/index.php?rest_route=\/wp\/v2\/posts\/361\/revisions"}],"predecessor-version":[{"id":367,"href":"https:\/\/fo-chu-nantes.fr\/index.php?rest_route=\/wp\/v2\/posts\/361\/revisions\/367"}],"wp:attachment":[{"href":"https:\/\/fo-chu-nantes.fr\/index.php?rest_route=%2Fwp%2Fv2%2Fmedia&parent=361"}],"wp:term":[{"taxonomy":"category","embeddable":true,"href":"https:\/\/fo-chu-nantes.fr\/index.php?rest_route=%2Fwp%2Fv2%2Fcategories&post=361"},{"taxonomy":"post_tag","embeddable":true,"href":"https:\/\/fo-chu-nantes.fr\/index.php?rest_route=%2Fwp%2Fv2%2Ftags&post=361"}],"curies":[{"name":"wp","href":"https:\/\/api.w.org\/{rel}","templated":true}]}}