{"id":1721,"date":"2018-11-23T12:07:13","date_gmt":"2018-11-23T11:07:13","guid":{"rendered":"http:\/\/fo-chu-nantes.fr\/?p=1721"},"modified":"2018-11-26T12:21:11","modified_gmt":"2018-11-26T11:21:11","slug":"election-dyves-veyrier-au-poste-de-secretaire-general-de-force-ouvriere","status":"publish","type":"post","link":"https:\/\/fo-chu-nantes.fr\/?p=1721","title":{"rendered":"Election d\u2019Yves Veyrier au poste de Secr\u00e9taire g\u00e9n\u00e9ral de Force Ouvri\u00e8re"},"content":{"rendered":"<p><img decoding=\"async\" class=\"alignleft\" src=\"https:\/\/static.force-ouvriere.fr\/local\/adapt-img\/640\/10x\/IMG\/jpg\/yves_veyrierweb.jpg?1542962839\" alt=\"France\" height=\"50%\" \/><\/p>\n<p>Le Comit\u00e9 Conf\u00e9d\u00e9ral national de Force ouvri\u00e8re (FO), r\u00e9uni les 21 et 22 novembre 2018, a \u00e9lu Yves Veyrier nouveau Secr\u00e9taire g\u00e9n\u00e9ral de la conf\u00e9d\u00e9ration.<\/p>\n<p>Adh\u00e9rent depuis 1984, Yves Veyrier, ing\u00e9nieur des travaux de la m\u00e9t\u00e9orologie, \u00e2g\u00e9 de 60 ans, est entr\u00e9 au Bureau conf\u00e9d\u00e9ral en 2004, apr\u00e8s plusieurs mandats tant au niveau de son syndicat de la M\u00e9t\u00e9orologie que de sa F\u00e9d\u00e9ration de l\u2019Equipement, de l\u2019Environnement, des Transports et des Services.<\/p>\n<p>Il a si\u00e9g\u00e9 dans diff\u00e9rentes instances syndicales europ\u00e9ennes et internationales. Elu membre du Conseil d\u2019administration de l\u2019OIT (Organisation internationale du Travail) par le groupe des Travailleurs, en 2008, o\u00f9 il a pris le relais de Marc Blondel, il est vice-pr\u00e9sident du Comit\u00e9 de la Libert\u00e9 syndicale (groupe des travailleurs) depuis 2009.<\/p>\n<p>La suite <a href=\"https:\/\/www.force-ouvriere.fr\/election-d-yves-veyrier-au-poste-de-secretaire-general-de-force?\">ICI<\/a><\/p>\n","protected":false},"excerpt":{"rendered":"<p>Le Comit\u00e9 Conf\u00e9d\u00e9ral national de Force ouvri\u00e8re (FO), r\u00e9uni les 21 et 22 novembre 2018, a \u00e9lu Yves Veyrier nouveau Secr\u00e9taire g\u00e9n\u00e9ral de la conf\u00e9d\u00e9ration. Adh\u00e9rent depuis 1984, Yves Veyrier, ing\u00e9nieur des travaux de la m\u00e9t\u00e9orologie, \u00e2g\u00e9 de 60 ans, est entr\u00e9 au Bureau conf\u00e9d\u00e9ral en 2004, apr\u00e8s plusieurs mandats tant au niveau de son [&hellip;]<\/p>\n","protected":false},"author":1,"featured_media":0,"comment_status":"closed","ping_status":"closed","sticky":false,"template":"","format":"standard","meta":{"footnotes":""},"categories":[15,16],"tags":[129,98,293],"_links":{"self":[{"href":"https:\/\/fo-chu-nantes.fr\/index.php?rest_route=\/wp\/v2\/posts\/1721"}],"collection":[{"href":"https:\/\/fo-chu-nantes.fr\/index.php?rest_route=\/wp\/v2\/posts"}],"about":[{"href":"https:\/\/fo-chu-nantes.fr\/index.php?rest_route=\/wp\/v2\/types\/post"}],"author":[{"embeddable":true,"href":"https:\/\/fo-chu-nantes.fr\/index.php?rest_route=\/wp\/v2\/users\/1"}],"replies":[{"embeddable":true,"href":"https:\/\/fo-chu-nantes.fr\/index.php?rest_route=%2Fwp%2Fv2%2Fcomments&post=1721"}],"version-history":[{"count":4,"href":"https:\/\/fo-chu-nantes.fr\/index.php?rest_route=\/wp\/v2\/posts\/1721\/revisions"}],"predecessor-version":[{"id":1726,"href":"https:\/\/fo-chu-nantes.fr\/index.php?rest_route=\/wp\/v2\/posts\/1721\/revisions\/1726"}],"wp:attachment":[{"href":"https:\/\/fo-chu-nantes.fr\/index.php?rest_route=%2Fwp%2Fv2%2Fmedia&parent=1721"}],"wp:term":[{"taxonomy":"category","embeddable":true,"href":"https:\/\/fo-chu-nantes.fr\/index.php?rest_route=%2Fwp%2Fv2%2Fcategories&post=1721"},{"taxonomy":"post_tag","embeddable":true,"href":"https:\/\/fo-chu-nantes.fr\/index.php?rest_route=%2Fwp%2Fv2%2Ftags&post=1721"}],"curies":[{"name":"wp","href":"https:\/\/api.w.org\/{rel}","templated":true}]}}