{"id":1590,"date":"2018-06-24T15:12:09","date_gmt":"2018-06-24T14:12:09","guid":{"rendered":"http:\/\/fo-chu-nantes.fr\/?p=1590"},"modified":"2018-06-26T15:13:53","modified_gmt":"2018-06-26T14:13:53","slug":"cynthia-veille-sur-la-sante-en-guyane","status":"publish","type":"post","link":"https:\/\/fo-chu-nantes.fr\/?p=1590","title":{"rendered":"Cynthia veille sur la sant\u00e9 en Guyane"},"content":{"rendered":"<p><img decoding=\"async\" class=\"alignleft\" src=\"https:\/\/static.force-ouvriere.fr\/local\/adapt-img\/640\/10x\/local\/cache-gd2\/92\/1ee46bd6c39302d5581d597f85dc45.jpg?1529809220\" alt=\"France\" \/><\/p>\n<p><strong>Cynthia Rochemont-Piejos, 62 ans, est secr\u00e9taire g\u00e9n\u00e9rale du syndicat FO de l\u2019h\u00f4pital de Cayenne et responsable FO Sant\u00e9 territoriale. Infirmi\u00e8re sp\u00e9cialis\u00e9e en psychiatrie, elle a beaucoup \u0153uvr\u00e9 au service de la sant\u00e9 et du social en Guyane.<\/strong><\/p>\n<p>Cynthia a notamment mis en place et d\u00e9velopp\u00e9 un service addictologie au sein du centre hospitalier de Cayenne. Elle est entr\u00e9e \u00e0 FO en 1999. \u00ab C\u2019est la secr\u00e9taire g\u00e9n\u00e9rale du syndicat FO de l\u2019h\u00f4pital qui est venue me chercher, j\u2019aidais d\u00e9j\u00e0 des coll\u00e8gues en difficult\u00e9 car c\u2019est dans ma nature d\u2019aider les gens \u00bb, se souvient-elle. \u00ab Je suis tr\u00e8s autonome, je pensais que je n\u2019avais pas besoin de syndicat, mais apr\u00e8s avoir r\u00e9fl\u00e9chi j\u2019ai dit oui car les valeurs de FO correspondaient \u00e0 mon \u00e9thique, notamment la libert\u00e9 de parole et l\u2019ind\u00e9pendance. \u00bb Cynthia s\u2019investit imm\u00e9diatement. Elle est \u00e9lue secr\u00e9taire g\u00e9n\u00e9rale adjointe, puis secr\u00e9taire g\u00e9n\u00e9rale du syndicat l\u2019ann\u00e9e suivante, en 2000. \u00ab J\u2019ai pris la d\u00e9cision de militer avec une \u00e9quipe, et je suis toujours avec cette \u00e9quipe \u00bb, sourit-elle.<\/p>\n<p>La suite <a href=\"https:\/\/www.force-ouvriere.fr\/cynthia-veille-sur-la-sante-en-guyane\">ICI<\/a><\/p>\n","protected":false},"excerpt":{"rendered":"<p>Cynthia Rochemont-Piejos, 62 ans, est secr\u00e9taire g\u00e9n\u00e9rale du syndicat FO de l\u2019h\u00f4pital de Cayenne et responsable FO Sant\u00e9 territoriale. Infirmi\u00e8re sp\u00e9cialis\u00e9e en psychiatrie, elle a beaucoup \u0153uvr\u00e9 au service de la sant\u00e9 et du social en Guyane. Cynthia a notamment mis en place et d\u00e9velopp\u00e9 un service addictologie au sein du centre hospitalier de Cayenne. [&hellip;]<\/p>\n","protected":false},"author":1,"featured_media":0,"comment_status":"closed","ping_status":"closed","sticky":false,"template":"","format":"standard","meta":{"footnotes":""},"categories":[15,17],"tags":[278],"_links":{"self":[{"href":"https:\/\/fo-chu-nantes.fr\/index.php?rest_route=\/wp\/v2\/posts\/1590"}],"collection":[{"href":"https:\/\/fo-chu-nantes.fr\/index.php?rest_route=\/wp\/v2\/posts"}],"about":[{"href":"https:\/\/fo-chu-nantes.fr\/index.php?rest_route=\/wp\/v2\/types\/post"}],"author":[{"embeddable":true,"href":"https:\/\/fo-chu-nantes.fr\/index.php?rest_route=\/wp\/v2\/users\/1"}],"replies":[{"embeddable":true,"href":"https:\/\/fo-chu-nantes.fr\/index.php?rest_route=%2Fwp%2Fv2%2Fcomments&post=1590"}],"version-history":[{"count":1,"href":"https:\/\/fo-chu-nantes.fr\/index.php?rest_route=\/wp\/v2\/posts\/1590\/revisions"}],"predecessor-version":[{"id":1591,"href":"https:\/\/fo-chu-nantes.fr\/index.php?rest_route=\/wp\/v2\/posts\/1590\/revisions\/1591"}],"wp:attachment":[{"href":"https:\/\/fo-chu-nantes.fr\/index.php?rest_route=%2Fwp%2Fv2%2Fmedia&parent=1590"}],"wp:term":[{"taxonomy":"category","embeddable":true,"href":"https:\/\/fo-chu-nantes.fr\/index.php?rest_route=%2Fwp%2Fv2%2Fcategories&post=1590"},{"taxonomy":"post_tag","embeddable":true,"href":"https:\/\/fo-chu-nantes.fr\/index.php?rest_route=%2Fwp%2Fv2%2Ftags&post=1590"}],"curies":[{"name":"wp","href":"https:\/\/api.w.org\/{rel}","templated":true}]}}