{"id":1537,"date":"2018-05-14T09:09:38","date_gmt":"2018-05-14T08:09:38","guid":{"rendered":"http:\/\/fo-chu-nantes.fr\/?p=1537"},"modified":"2018-05-15T09:14:14","modified_gmt":"2018-05-15T08:14:14","slug":"peril-en-lurgence","status":"publish","type":"post","link":"https:\/\/fo-chu-nantes.fr\/?p=1537","title":{"rendered":"P\u00e9ril en l\u2019urgence"},"content":{"rendered":"<p><img decoding=\"async\" class=\"alignleft\" src=\"https:\/\/static.force-ouvriere.fr\/local\/adapt-img\/640\/10x\/local\/cache-gd2\/88\/fac4a675ff426d84ed1e0afe1d7e81.jpg?1526284516\" alt=\"France\" \/><\/p>\n<p><strong>La r\u00e9v\u00e9lation du d\u00e9c\u00e8s d\u2019une jeune femme, Naomi, rejet\u00e9e par un service d\u2019urgence, le SAMU, \u00e0 Strasbourg, a \u00e9mu les m\u00e9dias. Avant m\u00eame que l\u2019ensemble des faits soit connu, la presse s\u2019est faite une nouvelle fois l\u2019\u00e9cho du probl\u00e8me des urgences. Aper\u00e7us.<\/strong><\/p>\n<p>Le Monde<br \/>\n\u00ab Au-del\u00e0 de l\u2019\u00e9v\u00e9nement tragique, cet enregistrement t\u00e9moigne, selon Patrick Pelloux, des graves probl\u00e8mes dont souffre l\u2019organisation des secours en France. L\u2019urgentiste a rappel\u00e9 qu\u2019en 1988, on comptait huit millions de passages aux urgences chaque ann\u00e9e, contre 21 millions aujourd\u2019hui. \u201cLes appels au SAMU ont, dans le m\u00eame temps, plus que tripl\u00e9. En clair, un Fran\u00e7ais sur trois passe chaque ann\u00e9e par lui, mais nous n\u2019avons pas redimensionn\u00e9 les centres d\u2019appel pour r\u00e9pondre \u00e0 l\u2019ampleur de la demande\u201d, dit-il, d\u00e9non\u00e7ant la mise en place \u201cinacceptable\u201d de \u201cv\u00e9ritables call centers\u201d. Et la cons\u00e9quence pour les patients est directe : leur prise en charge s\u2019est \u201cfortement d\u00e9grad\u00e9e\u201d \u00bb.<\/p>\n<p>La suite <a href=\"https:\/\/www.force-ouvriere.fr\/peril-en-l-urgence\">ICI<\/a><\/p>\n","protected":false},"excerpt":{"rendered":"<p>La r\u00e9v\u00e9lation du d\u00e9c\u00e8s d\u2019une jeune femme, Naomi, rejet\u00e9e par un service d\u2019urgence, le SAMU, \u00e0 Strasbourg, a \u00e9mu les m\u00e9dias. Avant m\u00eame que l\u2019ensemble des faits soit connu, la presse s\u2019est faite une nouvelle fois l\u2019\u00e9cho du probl\u00e8me des urgences. Aper\u00e7us. Le Monde \u00ab Au-del\u00e0 de l\u2019\u00e9v\u00e9nement tragique, cet enregistrement t\u00e9moigne, selon Patrick Pelloux, [&hellip;]<\/p>\n","protected":false},"author":1,"featured_media":0,"comment_status":"closed","ping_status":"closed","sticky":false,"template":"","format":"standard","meta":{"footnotes":""},"categories":[15,17],"tags":[213,268],"_links":{"self":[{"href":"https:\/\/fo-chu-nantes.fr\/index.php?rest_route=\/wp\/v2\/posts\/1537"}],"collection":[{"href":"https:\/\/fo-chu-nantes.fr\/index.php?rest_route=\/wp\/v2\/posts"}],"about":[{"href":"https:\/\/fo-chu-nantes.fr\/index.php?rest_route=\/wp\/v2\/types\/post"}],"author":[{"embeddable":true,"href":"https:\/\/fo-chu-nantes.fr\/index.php?rest_route=\/wp\/v2\/users\/1"}],"replies":[{"embeddable":true,"href":"https:\/\/fo-chu-nantes.fr\/index.php?rest_route=%2Fwp%2Fv2%2Fcomments&post=1537"}],"version-history":[{"count":2,"href":"https:\/\/fo-chu-nantes.fr\/index.php?rest_route=\/wp\/v2\/posts\/1537\/revisions"}],"predecessor-version":[{"id":1539,"href":"https:\/\/fo-chu-nantes.fr\/index.php?rest_route=\/wp\/v2\/posts\/1537\/revisions\/1539"}],"wp:attachment":[{"href":"https:\/\/fo-chu-nantes.fr\/index.php?rest_route=%2Fwp%2Fv2%2Fmedia&parent=1537"}],"wp:term":[{"taxonomy":"category","embeddable":true,"href":"https:\/\/fo-chu-nantes.fr\/index.php?rest_route=%2Fwp%2Fv2%2Fcategories&post=1537"},{"taxonomy":"post_tag","embeddable":true,"href":"https:\/\/fo-chu-nantes.fr\/index.php?rest_route=%2Fwp%2Fv2%2Ftags&post=1537"}],"curies":[{"name":"wp","href":"https:\/\/api.w.org\/{rel}","templated":true}]}}