{"id":1511,"date":"2018-04-08T14:10:24","date_gmt":"2018-04-08T13:10:24","guid":{"rendered":"http:\/\/fo-chu-nantes.fr\/?p=1511"},"modified":"2018-04-09T14:12:19","modified_gmt":"2018-04-09T13:12:19","slug":"ehpad-les-salaries-et-leur-syndicats-restent-mobilises","status":"publish","type":"post","link":"https:\/\/fo-chu-nantes.fr\/?p=1511","title":{"rendered":"Ehpad : les salari\u00e9s et leur syndicats restent mobilis\u00e9s"},"content":{"rendered":"<p><img decoding=\"async\" class=\"alignleft\" src=\"http:\/\/force-ouvriere44.fr\/wp-content\/uploads\/7-4-ehpad-371x208_c.jpg\" alt=\"France\" \/><\/p>\n<p>FO et les neuf autres organisations syndicales \u00e0 l\u2019origine des gr\u00e8ves nationales et des manifestations des 30 janvier et 15 mars restent mobilis\u00e9es contre la d\u00e9gradation des conditions de vie et de travail dans les Ehpad. Elles doivent se revoir le 18 avril et elles ont lanc\u00e9 une carte-p\u00e9tition qui sera adress\u00e9e au chef de l\u2019\u00c9tat en juin.<\/p>\n<p>Apr\u00e8s les gr\u00e8ves nationales des 30 janvier et 15 mars, FO et les neuf autres syndicats qui repr\u00e9sentent les personnels des Ehpad et de l\u2019aide \u00e0 domicile n\u2019ont pas d\u00e9cid\u00e9 pour l\u2019instant d\u2019appeler \u00e0 une nouvelle action nationale. Les organisations syndicales doivent se revoir le 18 avril pour faire le point.<\/p>\n<p>La suite <a href=\"http:\/\/force-ouvriere44.fr\/ehpad-salaries-syndicats-restent-mobilises\/\">ICI<\/a><\/p>\n","protected":false},"excerpt":{"rendered":"<p>FO et les neuf autres organisations syndicales \u00e0 l\u2019origine des gr\u00e8ves nationales et des manifestations des 30 janvier et 15 mars restent mobilis\u00e9es contre la d\u00e9gradation des conditions de vie et de travail dans les Ehpad. Elles doivent se revoir le 18 avril et elles ont lanc\u00e9 une carte-p\u00e9tition qui sera adress\u00e9e au chef de [&hellip;]<\/p>\n","protected":false},"author":1,"featured_media":0,"comment_status":"closed","ping_status":"closed","sticky":false,"template":"","format":"standard","meta":{"footnotes":""},"categories":[15,17],"tags":[176,8],"_links":{"self":[{"href":"https:\/\/fo-chu-nantes.fr\/index.php?rest_route=\/wp\/v2\/posts\/1511"}],"collection":[{"href":"https:\/\/fo-chu-nantes.fr\/index.php?rest_route=\/wp\/v2\/posts"}],"about":[{"href":"https:\/\/fo-chu-nantes.fr\/index.php?rest_route=\/wp\/v2\/types\/post"}],"author":[{"embeddable":true,"href":"https:\/\/fo-chu-nantes.fr\/index.php?rest_route=\/wp\/v2\/users\/1"}],"replies":[{"embeddable":true,"href":"https:\/\/fo-chu-nantes.fr\/index.php?rest_route=%2Fwp%2Fv2%2Fcomments&post=1511"}],"version-history":[{"count":1,"href":"https:\/\/fo-chu-nantes.fr\/index.php?rest_route=\/wp\/v2\/posts\/1511\/revisions"}],"predecessor-version":[{"id":1512,"href":"https:\/\/fo-chu-nantes.fr\/index.php?rest_route=\/wp\/v2\/posts\/1511\/revisions\/1512"}],"wp:attachment":[{"href":"https:\/\/fo-chu-nantes.fr\/index.php?rest_route=%2Fwp%2Fv2%2Fmedia&parent=1511"}],"wp:term":[{"taxonomy":"category","embeddable":true,"href":"https:\/\/fo-chu-nantes.fr\/index.php?rest_route=%2Fwp%2Fv2%2Fcategories&post=1511"},{"taxonomy":"post_tag","embeddable":true,"href":"https:\/\/fo-chu-nantes.fr\/index.php?rest_route=%2Fwp%2Fv2%2Ftags&post=1511"}],"curies":[{"name":"wp","href":"https:\/\/api.w.org\/{rel}","templated":true}]}}