{"id":1478,"date":"2018-02-06T15:46:47","date_gmt":"2018-02-06T14:46:47","guid":{"rendered":"http:\/\/fo-chu-nantes.fr\/?p=1478"},"modified":"2018-02-12T15:48:16","modified_gmt":"2018-02-12T14:48:16","slug":"pour-jean-claude-mailly-les-fonctionnaires-craignent-une-perte-de-sens-du-service-public","status":"publish","type":"post","link":"https:\/\/fo-chu-nantes.fr\/?p=1478","title":{"rendered":"Pour Jean-Claude Mailly, les fonctionnaires craignent \u00ab une perte de sens du service public \u00bb"},"content":{"rendered":"<p><iframe loading=\"lazy\" width=\"560\" height=\"315\" src=\"https:\/\/www.youtube.com\/embed\/-R9Rz00rtcM\" frameborder=\"0\" allow=\"autoplay; encrypted-media\" allowfullscreen><\/iframe><\/p>\n<p>Le secr\u00e9taire g\u00e9n\u00e9ral du syndicat Force Ouvri\u00e8re \u00e9tait l\u2019invit\u00e9 de l\u2019Instant Politique, lundi 5 f\u00e9vrier.<\/p>\n","protected":false},"excerpt":{"rendered":"<p>Le secr\u00e9taire g\u00e9n\u00e9ral du syndicat Force Ouvri\u00e8re \u00e9tait l\u2019invit\u00e9 de l\u2019Instant Politique, lundi 5 f\u00e9vrier.<\/p>\n","protected":false},"author":1,"featured_media":1480,"comment_status":"closed","ping_status":"closed","sticky":false,"template":"","format":"standard","meta":{"footnotes":""},"categories":[15,16],"tags":[11,67],"_links":{"self":[{"href":"https:\/\/fo-chu-nantes.fr\/index.php?rest_route=\/wp\/v2\/posts\/1478"}],"collection":[{"href":"https:\/\/fo-chu-nantes.fr\/index.php?rest_route=\/wp\/v2\/posts"}],"about":[{"href":"https:\/\/fo-chu-nantes.fr\/index.php?rest_route=\/wp\/v2\/types\/post"}],"author":[{"embeddable":true,"href":"https:\/\/fo-chu-nantes.fr\/index.php?rest_route=\/wp\/v2\/users\/1"}],"replies":[{"embeddable":true,"href":"https:\/\/fo-chu-nantes.fr\/index.php?rest_route=%2Fwp%2Fv2%2Fcomments&post=1478"}],"version-history":[{"count":1,"href":"https:\/\/fo-chu-nantes.fr\/index.php?rest_route=\/wp\/v2\/posts\/1478\/revisions"}],"predecessor-version":[{"id":1479,"href":"https:\/\/fo-chu-nantes.fr\/index.php?rest_route=\/wp\/v2\/posts\/1478\/revisions\/1479"}],"wp:featuredmedia":[{"embeddable":true,"href":"https:\/\/fo-chu-nantes.fr\/index.php?rest_route=\/wp\/v2\/media\/1480"}],"wp:attachment":[{"href":"https:\/\/fo-chu-nantes.fr\/index.php?rest_route=%2Fwp%2Fv2%2Fmedia&parent=1478"}],"wp:term":[{"taxonomy":"category","embeddable":true,"href":"https:\/\/fo-chu-nantes.fr\/index.php?rest_route=%2Fwp%2Fv2%2Fcategories&post=1478"},{"taxonomy":"post_tag","embeddable":true,"href":"https:\/\/fo-chu-nantes.fr\/index.php?rest_route=%2Fwp%2Fv2%2Ftags&post=1478"}],"curies":[{"name":"wp","href":"https:\/\/api.w.org\/{rel}","templated":true}]}}