{"id":1476,"date":"2018-02-07T15:41:51","date_gmt":"2018-02-07T14:41:51","guid":{"rendered":"http:\/\/fo-chu-nantes.fr\/?p=1476"},"modified":"2018-02-12T16:11:30","modified_gmt":"2018-02-12T15:11:30","slug":"les-fonctionnaires-repondent-au-gouvernement-par-une-greve-le-22-mars","status":"publish","type":"post","link":"https:\/\/fo-chu-nantes.fr\/?p=1476","title":{"rendered":"Les fonctionnaires r\u00e9pondent au gouvernement par une gr\u00e8ve le 22 mars"},"content":{"rendered":"<p><img decoding=\"async\" class=\"alignleft\" src=\"https:\/\/static.force-ouvriere.fr\/local\/adapt-img\/640\/10x\/local\/cache-gd2\/db\/a8da3210736ef671a07340fdcd3ec2.jpg?1518003216\" alt=\"France\" \/><\/p>\n<p>Ce sera le jeudi 22 mars. Sept organisations syndicales sur neuf de la fonction publique dont l\u2019UIAFP-FO (union inter-f\u00e9d\u00e9rale FO de la Fonction publique) annoncent pour cette date une journ\u00e9e de gr\u00e8ve et de mobilisation. Les agents de l\u2019\u00c9tat, de la territoriale et de l\u2019hospitali\u00e8re entendent ainsi r\u00e9pondre aux annonces faites ce 1er f\u00e9vrier par le gouvernement mais aussi \u00e0 celles \u00e9gren\u00e9es depuis le printemps. Les fonctionnaires contestent entre autres le gel des salaires pour 2018, la remise en vigueur du jour de carence, l\u2019annonce de 120 000 suppressions d\u2019emplois via notamment un grand plan de d\u00e9parts, le d\u00e9veloppement des emplois contractuels ou encore la r\u00e9mun\u00e9ration au m\u00e9rite.<\/p>\n<p>La suite <a href=\"https:\/\/www.force-ouvriere.fr\/les-fonctionnaires-repondent-au-gouvernement-par-une-greve-le-22\">ICI<\/a><\/p>\n<div class=\"gde-error\">GDE Erreur: Erreur lors de la r\u00e9cup\u00e9ration du fichier &#8211; si n\u00e9cessaire, arr\u00eatez la v\u00e9rification d&#8217;erreurs (404:Not Found)<\/div>\n","protected":false},"excerpt":{"rendered":"<p>Ce sera le jeudi 22 mars. Sept organisations syndicales sur neuf de la fonction publique dont l\u2019UIAFP-FO (union inter-f\u00e9d\u00e9rale FO de la Fonction publique) annoncent pour cette date une journ\u00e9e de gr\u00e8ve et de mobilisation. Les agents de l\u2019\u00c9tat, de la territoriale et de l\u2019hospitali\u00e8re entendent ainsi r\u00e9pondre aux annonces faites ce 1er f\u00e9vrier par [&hellip;]<\/p>\n","protected":false},"author":1,"featured_media":0,"comment_status":"closed","ping_status":"closed","sticky":false,"template":"","format":"standard","meta":{"footnotes":""},"categories":[15,16],"tags":[94,22,8],"_links":{"self":[{"href":"https:\/\/fo-chu-nantes.fr\/index.php?rest_route=\/wp\/v2\/posts\/1476"}],"collection":[{"href":"https:\/\/fo-chu-nantes.fr\/index.php?rest_route=\/wp\/v2\/posts"}],"about":[{"href":"https:\/\/fo-chu-nantes.fr\/index.php?rest_route=\/wp\/v2\/types\/post"}],"author":[{"embeddable":true,"href":"https:\/\/fo-chu-nantes.fr\/index.php?rest_route=\/wp\/v2\/users\/1"}],"replies":[{"embeddable":true,"href":"https:\/\/fo-chu-nantes.fr\/index.php?rest_route=%2Fwp%2Fv2%2Fcomments&post=1476"}],"version-history":[{"count":2,"href":"https:\/\/fo-chu-nantes.fr\/index.php?rest_route=\/wp\/v2\/posts\/1476\/revisions"}],"predecessor-version":[{"id":1488,"href":"https:\/\/fo-chu-nantes.fr\/index.php?rest_route=\/wp\/v2\/posts\/1476\/revisions\/1488"}],"wp:attachment":[{"href":"https:\/\/fo-chu-nantes.fr\/index.php?rest_route=%2Fwp%2Fv2%2Fmedia&parent=1476"}],"wp:term":[{"taxonomy":"category","embeddable":true,"href":"https:\/\/fo-chu-nantes.fr\/index.php?rest_route=%2Fwp%2Fv2%2Fcategories&post=1476"},{"taxonomy":"post_tag","embeddable":true,"href":"https:\/\/fo-chu-nantes.fr\/index.php?rest_route=%2Fwp%2Fv2%2Ftags&post=1476"}],"curies":[{"name":"wp","href":"https:\/\/api.w.org\/{rel}","templated":true}]}}