{"id":1472,"date":"2018-01-24T12:31:45","date_gmt":"2018-01-24T11:31:45","guid":{"rendered":"http:\/\/fo-chu-nantes.fr\/?p=1472"},"modified":"2018-01-24T12:31:45","modified_gmt":"2018-01-24T11:31:45","slug":"jean-claude-mailly-secretaire-general-de-force-ouvriere-sur-france-2","status":"publish","type":"post","link":"https:\/\/fo-chu-nantes.fr\/?p=1472","title":{"rendered":"Jean-Claude Mailly, secr\u00e9taire g\u00e9n\u00e9ral de Force Ouvri\u00e8re, sur France 2"},"content":{"rendered":"<p>Ce mercredi 24 janvier 2018, Caroline Roux recevait Jean-Claude Mailly, secr\u00e9taire g\u00e9n\u00e9ral de Force Ouvri\u00e8re.<\/p>\n<p><iframe loading=\"lazy\" width=\"560\" height=\"315\" src=\"https:\/\/www.youtube.com\/embed\/bJ6pzMROGs0\" frameborder=\"0\" allow=\"autoplay; encrypted-media\" allowfullscreen><\/iframe><\/p>\n","protected":false},"excerpt":{"rendered":"<p>Ce mercredi 24 janvier 2018, Caroline Roux recevait Jean-Claude Mailly, secr\u00e9taire g\u00e9n\u00e9ral de Force Ouvri\u00e8re.<\/p>\n","protected":false},"author":1,"featured_media":1474,"comment_status":"closed","ping_status":"closed","sticky":false,"template":"","format":"standard","meta":{"footnotes":""},"categories":[15,16],"tags":[11,67],"_links":{"self":[{"href":"https:\/\/fo-chu-nantes.fr\/index.php?rest_route=\/wp\/v2\/posts\/1472"}],"collection":[{"href":"https:\/\/fo-chu-nantes.fr\/index.php?rest_route=\/wp\/v2\/posts"}],"about":[{"href":"https:\/\/fo-chu-nantes.fr\/index.php?rest_route=\/wp\/v2\/types\/post"}],"author":[{"embeddable":true,"href":"https:\/\/fo-chu-nantes.fr\/index.php?rest_route=\/wp\/v2\/users\/1"}],"replies":[{"embeddable":true,"href":"https:\/\/fo-chu-nantes.fr\/index.php?rest_route=%2Fwp%2Fv2%2Fcomments&post=1472"}],"version-history":[{"count":1,"href":"https:\/\/fo-chu-nantes.fr\/index.php?rest_route=\/wp\/v2\/posts\/1472\/revisions"}],"predecessor-version":[{"id":1473,"href":"https:\/\/fo-chu-nantes.fr\/index.php?rest_route=\/wp\/v2\/posts\/1472\/revisions\/1473"}],"wp:featuredmedia":[{"embeddable":true,"href":"https:\/\/fo-chu-nantes.fr\/index.php?rest_route=\/wp\/v2\/media\/1474"}],"wp:attachment":[{"href":"https:\/\/fo-chu-nantes.fr\/index.php?rest_route=%2Fwp%2Fv2%2Fmedia&parent=1472"}],"wp:term":[{"taxonomy":"category","embeddable":true,"href":"https:\/\/fo-chu-nantes.fr\/index.php?rest_route=%2Fwp%2Fv2%2Fcategories&post=1472"},{"taxonomy":"post_tag","embeddable":true,"href":"https:\/\/fo-chu-nantes.fr\/index.php?rest_route=%2Fwp%2Fv2%2Ftags&post=1472"}],"curies":[{"name":"wp","href":"https:\/\/api.w.org\/{rel}","templated":true}]}}