{"id":1469,"date":"2018-01-24T12:26:05","date_gmt":"2018-01-24T11:26:05","guid":{"rendered":"http:\/\/fo-chu-nantes.fr\/?p=1469"},"modified":"2018-01-24T12:26:05","modified_gmt":"2018-01-24T11:26:05","slug":"jc-mailly-soutien-des-personnels-des-ehpad-une-question-de-dignite-et-de-respect-humain","status":"publish","type":"post","link":"https:\/\/fo-chu-nantes.fr\/?p=1469","title":{"rendered":"JC Mailly : \u00ab Soutien des personnels des Ehpad : Une question de dignit\u00e9 et de respect humain \u00bb"},"content":{"rendered":"<p><img decoding=\"async\" class=\"alignleft\" src=\"https:\/\/static.force-ouvriere.fr\/local\/adapt-img\/640\/10x\/local\/cache-gd2\/2a\/5bdd8f8bbfa2b80be923e4a662ff24.jpg?1516711560\" alt=\"France\" \/><\/p>\n<p>Le 30 janvier, \u00e0 l\u2019appel initial de Force Ouvri\u00e8re, les personnels des Ehpad seront en gr\u00e8ve. Tous les syndicats se joignent \u00e0 cet appel, ainsi que des associations d\u2019usagers.<br \/>\nLa revendication principale des personnels est claire : obtenir ce qui \u00e9tait annonc\u00e9 en 2012, \u00e0 savoir un salari\u00e9 ou agent par r\u00e9sident, \u00e0 l\u2019instar de ce qui existe dans d\u2019autres pays.<\/p>\n<p>La suite <a href=\"https:\/\/www.force-ouvriere.fr\/jc-mailly-soutien-des-personnels-des-ehpad-une-question-de\">ICI<\/a><\/p>\n","protected":false},"excerpt":{"rendered":"<p>Le 30 janvier, \u00e0 l\u2019appel initial de Force Ouvri\u00e8re, les personnels des Ehpad seront en gr\u00e8ve. Tous les syndicats se joignent \u00e0 cet appel, ainsi que des associations d\u2019usagers. La revendication principale des personnels est claire : obtenir ce qui \u00e9tait annonc\u00e9 en 2012, \u00e0 savoir un salari\u00e9 ou agent par r\u00e9sident, \u00e0 l\u2019instar de [&hellip;]<\/p>\n","protected":false},"author":1,"featured_media":0,"comment_status":"closed","ping_status":"closed","sticky":false,"template":"","format":"standard","meta":{"footnotes":""},"categories":[15,17],"tags":[176,11],"_links":{"self":[{"href":"https:\/\/fo-chu-nantes.fr\/index.php?rest_route=\/wp\/v2\/posts\/1469"}],"collection":[{"href":"https:\/\/fo-chu-nantes.fr\/index.php?rest_route=\/wp\/v2\/posts"}],"about":[{"href":"https:\/\/fo-chu-nantes.fr\/index.php?rest_route=\/wp\/v2\/types\/post"}],"author":[{"embeddable":true,"href":"https:\/\/fo-chu-nantes.fr\/index.php?rest_route=\/wp\/v2\/users\/1"}],"replies":[{"embeddable":true,"href":"https:\/\/fo-chu-nantes.fr\/index.php?rest_route=%2Fwp%2Fv2%2Fcomments&post=1469"}],"version-history":[{"count":2,"href":"https:\/\/fo-chu-nantes.fr\/index.php?rest_route=\/wp\/v2\/posts\/1469\/revisions"}],"predecessor-version":[{"id":1471,"href":"https:\/\/fo-chu-nantes.fr\/index.php?rest_route=\/wp\/v2\/posts\/1469\/revisions\/1471"}],"wp:attachment":[{"href":"https:\/\/fo-chu-nantes.fr\/index.php?rest_route=%2Fwp%2Fv2%2Fmedia&parent=1469"}],"wp:term":[{"taxonomy":"category","embeddable":true,"href":"https:\/\/fo-chu-nantes.fr\/index.php?rest_route=%2Fwp%2Fv2%2Fcategories&post=1469"},{"taxonomy":"post_tag","embeddable":true,"href":"https:\/\/fo-chu-nantes.fr\/index.php?rest_route=%2Fwp%2Fv2%2Ftags&post=1469"}],"curies":[{"name":"wp","href":"https:\/\/api.w.org\/{rel}","templated":true}]}}