{"id":1375,"date":"2017-06-01T08:29:17","date_gmt":"2017-06-01T07:29:17","guid":{"rendered":"http:\/\/fo-chu-nantes.fr\/?p=1375"},"modified":"2017-06-12T08:31:29","modified_gmt":"2017-06-12T07:31:29","slug":"eure-et-loir-ch-henry-ey-de-bonneval-le-cri-dalarme-de-fo-au-president-de-la-republique","status":"publish","type":"post","link":"https:\/\/fo-chu-nantes.fr\/?p=1375","title":{"rendered":"EURE ET LOIR : CH Henry Ey de BONNEVAL LE \u00ab CRI D\u2019ALARME \u00bb DE FO au Pr\u00e9sident de la R\u00e9publique"},"content":{"rendered":"<p><img decoding=\"async\" class=\"alignleft\" src=\"https:\/\/fo-sante.org\/wp-content\/uploads\/2017\/06\/2.jpg\" alt=\"France\" \/>D\u00e9graissage du Mamouth (GHT) !<\/p>\n<p>Depuis juin 2016, les CMP Chartrains ont vu partir 3 psychiatres. Ils ont \u00e9t\u00e9 remplac\u00e9s par une seule arriv\u00e9e m\u00e9dicale en mars 2017. Cette derni\u00e8re n\u2019assumera plus que deux demi journ\u00e9es \u00e0 partir de la p\u00e9riode estivale.<\/p>\n<p>\u00ab Cette situation ne permet plus de r\u00e9pondre aux besoins des CMP et bloque la circulation des soins \u00bb d\u00e9plore le syndicat Force Ouvri\u00e8re.<\/p>\n<p>La suite <a href=\"https:\/\/fo-sante.org\/2017\/06\/eure-et-loir-ch-henry-ey-de-bonneval-le-cri-dalarme-de-fo-au-president-de-la-republique\/\">ICI<\/a><\/p>\n","protected":false},"excerpt":{"rendered":"<p>D\u00e9graissage du Mamouth (GHT) ! Depuis juin 2016, les CMP Chartrains ont vu partir 3 psychiatres. Ils ont \u00e9t\u00e9 remplac\u00e9s par une seule arriv\u00e9e m\u00e9dicale en mars 2017. Cette derni\u00e8re n\u2019assumera plus que deux demi journ\u00e9es \u00e0 partir de la p\u00e9riode estivale. \u00ab Cette situation ne permet plus de r\u00e9pondre aux besoins des CMP et [&hellip;]<\/p>\n","protected":false},"author":1,"featured_media":0,"comment_status":"closed","ping_status":"closed","sticky":false,"template":"","format":"standard","meta":{"footnotes":""},"categories":[15,17],"tags":[140],"_links":{"self":[{"href":"https:\/\/fo-chu-nantes.fr\/index.php?rest_route=\/wp\/v2\/posts\/1375"}],"collection":[{"href":"https:\/\/fo-chu-nantes.fr\/index.php?rest_route=\/wp\/v2\/posts"}],"about":[{"href":"https:\/\/fo-chu-nantes.fr\/index.php?rest_route=\/wp\/v2\/types\/post"}],"author":[{"embeddable":true,"href":"https:\/\/fo-chu-nantes.fr\/index.php?rest_route=\/wp\/v2\/users\/1"}],"replies":[{"embeddable":true,"href":"https:\/\/fo-chu-nantes.fr\/index.php?rest_route=%2Fwp%2Fv2%2Fcomments&post=1375"}],"version-history":[{"count":1,"href":"https:\/\/fo-chu-nantes.fr\/index.php?rest_route=\/wp\/v2\/posts\/1375\/revisions"}],"predecessor-version":[{"id":1376,"href":"https:\/\/fo-chu-nantes.fr\/index.php?rest_route=\/wp\/v2\/posts\/1375\/revisions\/1376"}],"wp:attachment":[{"href":"https:\/\/fo-chu-nantes.fr\/index.php?rest_route=%2Fwp%2Fv2%2Fmedia&parent=1375"}],"wp:term":[{"taxonomy":"category","embeddable":true,"href":"https:\/\/fo-chu-nantes.fr\/index.php?rest_route=%2Fwp%2Fv2%2Fcategories&post=1375"},{"taxonomy":"post_tag","embeddable":true,"href":"https:\/\/fo-chu-nantes.fr\/index.php?rest_route=%2Fwp%2Fv2%2Ftags&post=1375"}],"curies":[{"name":"wp","href":"https:\/\/api.w.org\/{rel}","templated":true}]}}