{"id":1271,"date":"2017-03-01T16:47:12","date_gmt":"2017-03-01T15:47:12","guid":{"rendered":"http:\/\/fo-chu-nantes.fr\/?p=1271"},"modified":"2017-03-01T16:47:12","modified_gmt":"2017-03-01T15:47:12","slug":"sante-social-tour-de-chauffe-avant-le-7-mars","status":"publish","type":"post","link":"https:\/\/fo-chu-nantes.fr\/?p=1271","title":{"rendered":"Sant\u00e9, social : tour de chauffe avant le 7 mars"},"content":{"rendered":"<p>Apr\u00e8s Strasbourg le 9 f\u00e9vrier et Toulouse le 23 f\u00e9vrier, un meeting a eu lieu \u00e0 Angers le 28 f\u00e9vrier, \u00e0 l\u2019initiative des f\u00e9d\u00e9rations syndicales FO, CGT et SUD de la sant\u00e9 et du social. Objectif : mobiliser les troupes en vue de la journ\u00e9e nationale de gr\u00e8ve et de manifestations du 7 mars, pour la d\u00e9fense de l\u2019h\u00f4pital, de l\u2019action sociale et du service public.<\/p>\n<p>La suite <a href=\"http:\/\/www.force-ouvriere.fr\/sante-social-tour-de-chauffe-avant-le-7-mars\">ICI<\/a><\/p>\n","protected":false},"excerpt":{"rendered":"<p>Apr\u00e8s Strasbourg le 9 f\u00e9vrier et Toulouse le 23 f\u00e9vrier, un meeting a eu lieu \u00e0 Angers le 28 f\u00e9vrier, \u00e0 l\u2019initiative des f\u00e9d\u00e9rations syndicales FO, CGT et SUD de la sant\u00e9 et du social. Objectif : mobiliser les troupes en vue de la journ\u00e9e nationale de gr\u00e8ve et de manifestations du 7 mars, pour [&hellip;]<\/p>\n","protected":false},"author":1,"featured_media":0,"comment_status":"closed","ping_status":"closed","sticky":false,"template":"","format":"standard","meta":{"footnotes":""},"categories":[15,17],"tags":[22,8],"_links":{"self":[{"href":"https:\/\/fo-chu-nantes.fr\/index.php?rest_route=\/wp\/v2\/posts\/1271"}],"collection":[{"href":"https:\/\/fo-chu-nantes.fr\/index.php?rest_route=\/wp\/v2\/posts"}],"about":[{"href":"https:\/\/fo-chu-nantes.fr\/index.php?rest_route=\/wp\/v2\/types\/post"}],"author":[{"embeddable":true,"href":"https:\/\/fo-chu-nantes.fr\/index.php?rest_route=\/wp\/v2\/users\/1"}],"replies":[{"embeddable":true,"href":"https:\/\/fo-chu-nantes.fr\/index.php?rest_route=%2Fwp%2Fv2%2Fcomments&post=1271"}],"version-history":[{"count":1,"href":"https:\/\/fo-chu-nantes.fr\/index.php?rest_route=\/wp\/v2\/posts\/1271\/revisions"}],"predecessor-version":[{"id":1272,"href":"https:\/\/fo-chu-nantes.fr\/index.php?rest_route=\/wp\/v2\/posts\/1271\/revisions\/1272"}],"wp:attachment":[{"href":"https:\/\/fo-chu-nantes.fr\/index.php?rest_route=%2Fwp%2Fv2%2Fmedia&parent=1271"}],"wp:term":[{"taxonomy":"category","embeddable":true,"href":"https:\/\/fo-chu-nantes.fr\/index.php?rest_route=%2Fwp%2Fv2%2Fcategories&post=1271"},{"taxonomy":"post_tag","embeddable":true,"href":"https:\/\/fo-chu-nantes.fr\/index.php?rest_route=%2Fwp%2Fv2%2Ftags&post=1271"}],"curies":[{"name":"wp","href":"https:\/\/api.w.org\/{rel}","templated":true}]}}