{"id":1208,"date":"2016-12-22T12:06:09","date_gmt":"2016-12-22T11:06:09","guid":{"rendered":"http:\/\/fo-chu-nantes.fr\/?p=1208"},"modified":"2016-12-26T12:10:23","modified_gmt":"2016-12-26T11:10:23","slug":"jean-claude-mailly-remettre-en-cause-les-35h-cest-etre-dans-lideologie","status":"publish","type":"post","link":"https:\/\/fo-chu-nantes.fr\/?p=1208","title":{"rendered":"Jean-Claude Mailly : \u00ab Remettre en cause les 35h, c\u2019est \u00eatre dans l\u2019id\u00e9ologie \u00bb"},"content":{"rendered":"<p>Jean-Claude Mailly revient sur les chiffres du minist\u00e8re du Travail qui r\u00e9v\u00e8lent que les salari\u00e9s fran\u00e7ais travaillent en moyenne 39 heures par semaine.<\/p>\n<p><iframe loading=\"lazy\" src=\"\/\/www.youtube.com\/embed\/_3BICcofbAU\" width=\"560\" height=\"314\" allowfullscreen=\"allowfullscreen\"><\/iframe><\/p>\n","protected":false},"excerpt":{"rendered":"<p>Jean-Claude Mailly revient sur les chiffres du minist\u00e8re du Travail qui r\u00e9v\u00e8lent que les salari\u00e9s fran\u00e7ais travaillent en moyenne 39 heures par semaine.<\/p>\n","protected":false},"author":1,"featured_media":1212,"comment_status":"closed","ping_status":"closed","sticky":false,"template":"","format":"standard","meta":{"footnotes":""},"categories":[15,16],"tags":[11,67],"_links":{"self":[{"href":"https:\/\/fo-chu-nantes.fr\/index.php?rest_route=\/wp\/v2\/posts\/1208"}],"collection":[{"href":"https:\/\/fo-chu-nantes.fr\/index.php?rest_route=\/wp\/v2\/posts"}],"about":[{"href":"https:\/\/fo-chu-nantes.fr\/index.php?rest_route=\/wp\/v2\/types\/post"}],"author":[{"embeddable":true,"href":"https:\/\/fo-chu-nantes.fr\/index.php?rest_route=\/wp\/v2\/users\/1"}],"replies":[{"embeddable":true,"href":"https:\/\/fo-chu-nantes.fr\/index.php?rest_route=%2Fwp%2Fv2%2Fcomments&post=1208"}],"version-history":[{"count":3,"href":"https:\/\/fo-chu-nantes.fr\/index.php?rest_route=\/wp\/v2\/posts\/1208\/revisions"}],"predecessor-version":[{"id":1211,"href":"https:\/\/fo-chu-nantes.fr\/index.php?rest_route=\/wp\/v2\/posts\/1208\/revisions\/1211"}],"wp:featuredmedia":[{"embeddable":true,"href":"https:\/\/fo-chu-nantes.fr\/index.php?rest_route=\/wp\/v2\/media\/1212"}],"wp:attachment":[{"href":"https:\/\/fo-chu-nantes.fr\/index.php?rest_route=%2Fwp%2Fv2%2Fmedia&parent=1208"}],"wp:term":[{"taxonomy":"category","embeddable":true,"href":"https:\/\/fo-chu-nantes.fr\/index.php?rest_route=%2Fwp%2Fv2%2Fcategories&post=1208"},{"taxonomy":"post_tag","embeddable":true,"href":"https:\/\/fo-chu-nantes.fr\/index.php?rest_route=%2Fwp%2Fv2%2Ftags&post=1208"}],"curies":[{"name":"wp","href":"https:\/\/api.w.org\/{rel}","templated":true}]}}