{"id":1205,"date":"2016-12-20T15:49:19","date_gmt":"2016-12-20T14:49:19","guid":{"rendered":"http:\/\/fo-chu-nantes.fr\/?p=1205"},"modified":"2016-12-20T15:49:19","modified_gmt":"2016-12-20T14:49:19","slug":"hopital-public-mobilisation-nationale-le-7-mars-2017","status":"publish","type":"post","link":"https:\/\/fo-chu-nantes.fr\/?p=1205","title":{"rendered":"H\u00f4pital public : Mobilisation nationale le 7 mars 2017"},"content":{"rendered":"<p>Apr\u00e8s le succ\u00e8s de la mobilisation nationale du 8 novembre et face \u00e0 la surdit\u00e9 des gouvernants, alors que la grogne monte dans beaucoup d\u2019\u00e9tablissements, les f\u00e9d\u00e9rations de la Sant\u00e9 et de l\u2019Action sociale FO, CGT et SUD ont d\u00e9cid\u00e9 d\u2019une prochaine gr\u00e8ve et manifestation nationales le 7 mars 2017.<\/p>\n<p>La suite <a href=\"http:\/\/www.force-ouvriere.fr\/hopital-public-mobilisation-nationale-le-7-mars-2017\">ICI<\/a><\/p>\n","protected":false},"excerpt":{"rendered":"<p>Apr\u00e8s le succ\u00e8s de la mobilisation nationale du 8 novembre et face \u00e0 la surdit\u00e9 des gouvernants, alors que la grogne monte dans beaucoup d\u2019\u00e9tablissements, les f\u00e9d\u00e9rations de la Sant\u00e9 et de l\u2019Action sociale FO, CGT et SUD ont d\u00e9cid\u00e9 d\u2019une prochaine gr\u00e8ve et manifestation nationales le 7 mars 2017. La suite ICI<\/p>\n","protected":false},"author":1,"featured_media":0,"comment_status":"closed","ping_status":"closed","sticky":false,"template":"","format":"standard","meta":{"footnotes":""},"categories":[15,17],"tags":[22,109,192],"_links":{"self":[{"href":"https:\/\/fo-chu-nantes.fr\/index.php?rest_route=\/wp\/v2\/posts\/1205"}],"collection":[{"href":"https:\/\/fo-chu-nantes.fr\/index.php?rest_route=\/wp\/v2\/posts"}],"about":[{"href":"https:\/\/fo-chu-nantes.fr\/index.php?rest_route=\/wp\/v2\/types\/post"}],"author":[{"embeddable":true,"href":"https:\/\/fo-chu-nantes.fr\/index.php?rest_route=\/wp\/v2\/users\/1"}],"replies":[{"embeddable":true,"href":"https:\/\/fo-chu-nantes.fr\/index.php?rest_route=%2Fwp%2Fv2%2Fcomments&post=1205"}],"version-history":[{"count":1,"href":"https:\/\/fo-chu-nantes.fr\/index.php?rest_route=\/wp\/v2\/posts\/1205\/revisions"}],"predecessor-version":[{"id":1206,"href":"https:\/\/fo-chu-nantes.fr\/index.php?rest_route=\/wp\/v2\/posts\/1205\/revisions\/1206"}],"wp:attachment":[{"href":"https:\/\/fo-chu-nantes.fr\/index.php?rest_route=%2Fwp%2Fv2%2Fmedia&parent=1205"}],"wp:term":[{"taxonomy":"category","embeddable":true,"href":"https:\/\/fo-chu-nantes.fr\/index.php?rest_route=%2Fwp%2Fv2%2Fcategories&post=1205"},{"taxonomy":"post_tag","embeddable":true,"href":"https:\/\/fo-chu-nantes.fr\/index.php?rest_route=%2Fwp%2Fv2%2Ftags&post=1205"}],"curies":[{"name":"wp","href":"https:\/\/api.w.org\/{rel}","templated":true}]}}