{"id":1201,"date":"2016-12-17T15:41:34","date_gmt":"2016-12-17T14:41:34","guid":{"rendered":"http:\/\/fo-chu-nantes.fr\/?p=1201"},"modified":"2016-12-20T15:44:06","modified_gmt":"2016-12-20T14:44:06","slug":"sante-privee-la-grogne-monte","status":"publish","type":"post","link":"https:\/\/fo-chu-nantes.fr\/?p=1201","title":{"rendered":"Sant\u00e9 priv\u00e9e : la grogne monte"},"content":{"rendered":"<p>Les 14 et 15\u00a0d\u00e9cembre, les salari\u00e9s du secteur non-lucratif de la sant\u00e9 priv\u00e9e \u00e9taient mobilis\u00e9s pour l\u2019augmentation de leurs salaires, la d\u00e9fense de leurs conventions collectives, l\u2019arr\u00eat de la d\u00e9gradation des conditions de travail et d\u2019accueil des usagers.<\/p>\n<p>La suite <a href=\"http:\/\/force-ouvriere44.fr\/sante-privee-grogne-monte\/\">ICI<\/a><\/p>\n","protected":false},"excerpt":{"rendered":"<p>Les 14 et 15\u00a0d\u00e9cembre, les salari\u00e9s du secteur non-lucratif de la sant\u00e9 priv\u00e9e \u00e9taient mobilis\u00e9s pour l\u2019augmentation de leurs salaires, la d\u00e9fense de leurs conventions collectives, l\u2019arr\u00eat de la d\u00e9gradation des conditions de travail et d\u2019accueil des usagers. La suite ICI<\/p>\n","protected":false},"author":1,"featured_media":0,"comment_status":"closed","ping_status":"closed","sticky":false,"template":"","format":"standard","meta":{"footnotes":""},"categories":[15,17],"tags":[240],"_links":{"self":[{"href":"https:\/\/fo-chu-nantes.fr\/index.php?rest_route=\/wp\/v2\/posts\/1201"}],"collection":[{"href":"https:\/\/fo-chu-nantes.fr\/index.php?rest_route=\/wp\/v2\/posts"}],"about":[{"href":"https:\/\/fo-chu-nantes.fr\/index.php?rest_route=\/wp\/v2\/types\/post"}],"author":[{"embeddable":true,"href":"https:\/\/fo-chu-nantes.fr\/index.php?rest_route=\/wp\/v2\/users\/1"}],"replies":[{"embeddable":true,"href":"https:\/\/fo-chu-nantes.fr\/index.php?rest_route=%2Fwp%2Fv2%2Fcomments&post=1201"}],"version-history":[{"count":1,"href":"https:\/\/fo-chu-nantes.fr\/index.php?rest_route=\/wp\/v2\/posts\/1201\/revisions"}],"predecessor-version":[{"id":1202,"href":"https:\/\/fo-chu-nantes.fr\/index.php?rest_route=\/wp\/v2\/posts\/1201\/revisions\/1202"}],"wp:attachment":[{"href":"https:\/\/fo-chu-nantes.fr\/index.php?rest_route=%2Fwp%2Fv2%2Fmedia&parent=1201"}],"wp:term":[{"taxonomy":"category","embeddable":true,"href":"https:\/\/fo-chu-nantes.fr\/index.php?rest_route=%2Fwp%2Fv2%2Fcategories&post=1201"},{"taxonomy":"post_tag","embeddable":true,"href":"https:\/\/fo-chu-nantes.fr\/index.php?rest_route=%2Fwp%2Fv2%2Ftags&post=1201"}],"curies":[{"name":"wp","href":"https:\/\/api.w.org\/{rel}","templated":true}]}}