{"id":1426,"date":"2017-09-14T10:11:45","date_gmt":"2017-09-14T09:11:45","guid":{"rendered":"http:\/\/fo-chu-nantes.fr\/?p=1426"},"modified":"2017-09-18T10:13:22","modified_gmt":"2017-09-18T09:13:22","slug":"jean-claude-mailly-invite-de-veronique-auger-sur-france-3","status":"publish","type":"post","link":"http:\/\/fo-chu-nantes.fr\/?p=1426","title":{"rendered":"Jean-Claude Mailly invit\u00e9 de V\u00e9ronique Auger sur France 3"},"content":{"rendered":"<p>Jean-Claude Mailly \u00e9tait l\u2019invit\u00e9 de V\u00e9ronique Auger sur France 3, dans l\u2019\u00e9mission \u00ab Avenue de l\u2019Europe, le mag \u00bb ayant pour th\u00e8me : \u00ab Travail, l\u2019Europe fait-elle la loi ? \u00bb<\/p>\n<p><iframe loading=\"lazy\" width=\"560\" height=\"315\" src=\"https:\/\/www.youtube.com\/embed\/TKF0cOUNicE\" frameborder=\"0\" allowfullscreen><\/iframe><\/p>\n","protected":false},"excerpt":{"rendered":"<p>Jean-Claude Mailly \u00e9tait l\u2019invit\u00e9 de V\u00e9ronique Auger sur France 3, dans l\u2019\u00e9mission \u00ab Avenue de l\u2019Europe, le mag \u00bb ayant pour th\u00e8me : \u00ab Travail, l\u2019Europe fait-elle la loi ? \u00bb<\/p>\n","protected":false},"author":1,"featured_media":1428,"comment_status":"closed","ping_status":"closed","sticky":false,"template":"","format":"standard","meta":{"footnotes":""},"categories":[15,16],"tags":[260,11,67],"_links":{"self":[{"href":"http:\/\/fo-chu-nantes.fr\/index.php?rest_route=\/wp\/v2\/posts\/1426"}],"collection":[{"href":"http:\/\/fo-chu-nantes.fr\/index.php?rest_route=\/wp\/v2\/posts"}],"about":[{"href":"http:\/\/fo-chu-nantes.fr\/index.php?rest_route=\/wp\/v2\/types\/post"}],"author":[{"embeddable":true,"href":"http:\/\/fo-chu-nantes.fr\/index.php?rest_route=\/wp\/v2\/users\/1"}],"replies":[{"embeddable":true,"href":"http:\/\/fo-chu-nantes.fr\/index.php?rest_route=%2Fwp%2Fv2%2Fcomments&post=1426"}],"version-history":[{"count":1,"href":"http:\/\/fo-chu-nantes.fr\/index.php?rest_route=\/wp\/v2\/posts\/1426\/revisions"}],"predecessor-version":[{"id":1427,"href":"http:\/\/fo-chu-nantes.fr\/index.php?rest_route=\/wp\/v2\/posts\/1426\/revisions\/1427"}],"wp:featuredmedia":[{"embeddable":true,"href":"http:\/\/fo-chu-nantes.fr\/index.php?rest_route=\/wp\/v2\/media\/1428"}],"wp:attachment":[{"href":"http:\/\/fo-chu-nantes.fr\/index.php?rest_route=%2Fwp%2Fv2%2Fmedia&parent=1426"}],"wp:term":[{"taxonomy":"category","embeddable":true,"href":"http:\/\/fo-chu-nantes.fr\/index.php?rest_route=%2Fwp%2Fv2%2Fcategories&post=1426"},{"taxonomy":"post_tag","embeddable":true,"href":"http:\/\/fo-chu-nantes.fr\/index.php?rest_route=%2Fwp%2Fv2%2Ftags&post=1426"}],"curies":[{"name":"wp","href":"https:\/\/api.w.org\/{rel}","templated":true}]}}